{"id":767,"date":"2019-09-17T21:39:20","date_gmt":"2019-09-17T19:39:20","guid":{"rendered":"http:\/\/www.arkaassociazione.it\/arkanisegnali\/?p=767"},"modified":"2019-09-17T21:43:53","modified_gmt":"2019-09-17T19:43:53","slug":"la-delicatesse","status":"publish","type":"post","link":"https:\/\/www.arkaassociazione.it\/arkanisegnali\/la-delicatesse\/","title":{"rendered":"La delicatesse"},"content":{"rendered":"\n<p>Come la spieghi la delicatezza?<br>Che cos\u2019\u00e8? Un\u2019emozione? Un pensiero? Un gesto?<br>E come nasce? Come la si pu\u00f2 coltivare? <\/p>\n\n\n\n<p>Tutte domande che sono emerse in me dopo la visione di questo film, una visione che mi ha sollevato dal suolo con la forza di un muletto da cantiere e fatto sentire leggera, rinvigorita e fresca come l\u2019acqua di un torrente di campagna.<\/p>\n\n\n\n<p>La trama \u00e8 semplice: una giovane e avvenente donna, molto innamorata di suo marito con il quale vive un\u2019esistenza stabile e armoniosa, piomba nel lutto dopo l\u2019improvvisa morte del consorte in un incidente stradale.<br>L\u2019elaborazione del lutto \u00e8 un tema del film, non \u00e8 IL tema. Il lutto e la sua lunga quasi infinita elaborazione, ad un certo punto del film, viene attraversato, penetrato e messo in discussione proprio dalla delicatezza.<\/p>\n\n\n\n<p>In questo caso la delicatezza ha le fattezze di un uomo, si chiama Markus ed \u00e8 svedese. Markus \u00e8 apparentemente brutto, quasi scimmiesco, anonimo (sembra che, tra i suoi colleghi, nessuno lo conosca e lo frequenti) pare che capiti per caso nella vita e nell\u2019ufficio della protagonista. Lei si chiama Natalie. Un giorno, inspiegabilmente, senza neanche conoscerlo gli si avvicina e lo bacia. Lungamente. Per poi ritornare al suo ruolo di capufficio e negare di averlo fatto con consapevolezza\u2026da qui inizia una NON relazione.&nbsp;<\/p>\n\n\n\n<p>Markus impiega pochi istanti per innamorarsi di lei mentre lei lotta. Lotta contro l\u2019idea di potersi innamorare ancora, di poterlo fare senza sentirsi in colpa al ricordo del marito defunto e forse lotta anche contro l\u2019idea di potersi innamorare di una persona dalle qualit\u00e0 fisionomiche cos\u00ec lontane dagli stereotipi generici di bellezza.&nbsp;<\/p>\n\n\n\n<p>Anche lui lotta. Alto, robusto, massiccio si potrebbe pensare che la consistenza fisica unita a una cieca ostinazione possano essere le armi da lui prescelte. Invece Markus lotta, e vince, proprio usando la delicatezza e chiedendosi pi\u00f9 volte se questa sua dote innata rappresenti una risorsa, oppure solo un\u2019invalidante debolezza.<\/p>\n\n\n\n<p>Non ci sono dubbi rispetto alla risposta. Lo si capisce bene nell\u2019epilogo del film: Natalie, bella e affaticata, decide di portare Markus nella casa della nonna. Quella dove ha passato la sua infanzia, adolescenza, dove ha conosciuto il marito e alla sua morte non \u00e8 riuscita a farsi consolare dalle cure e dall\u2019affetto dei suoi cari.<\/p>\n\n\n\n<p>Lui accetta l\u2019invito e lei si lascia essere, perch\u00e9 capisce che il suo cuore \u00e8 proprio in buone mani, mani delicate che riescono a vedere e a rispettare la sua sofferenza.<\/p>\n\n\n\n<p>Adesso c\u2019\u00e8 lui in quella casa, in quel giardino che rappresenta il cuore dell\u2019amata, cos\u00ec pieno di ricordi e di delicato dolore. Lui sa molto bene che in quel giardino il rischio di calpestare qualcosa di fragile riducendolo in pezzi \u00e8 altissimo e possiede tutta la capacit\u00e0 di cura e sensibilit\u00e0 per poterlo evitare. In quel giardino, Natalie e Markus, decideranno di giocare a nascondino, nella certezza che non passer\u00e0 molto tempo prima che lei decida di riuscire a trovarlo.<\/p>\n\n\n\n<p><strong>LA DELICATESSE &#8211;&nbsp;&nbsp;<\/strong>Regia di David Foenkinos,&nbsp;St\u00e9phane Foenkinos. Con&nbsp;Audrey Tautou,&nbsp;Fran\u00e7ois Damiens &#8211; Francia 2012.<\/p>\n\n\n\n<p><strong>\u00c8 segnalato in ArKani Seganali perch\u00e9:<\/strong>&nbsp;secondo me la delicatezza \u00e8 una risorsa poco riconosciuta e valorizzata nella nostra societ\u00e0 ed \u00e8 invece un requisito fondamentale senza il quale \u00e8 pi\u00f9 difficile relazionarsi con se stessi e col prossimo.&nbsp;&nbsp;<\/p>\n\n\n\n<p><strong>\u00c8 segnalato per:&nbsp;<\/strong>tutti\/e.&nbsp;<\/p>\n\n\n\n<p>\u200b<strong>Ho scelto questa mia foto perch\u00e9:&nbsp;<\/strong>rappresenta un gesto di mio figlio, di delicatezza e cura nei miei confronti.<\/p>\n\n\n\n<p><em>Antonella Fiacchi<\/em><\/p>\n\n\n\n<figure class=\"wp-block-image\"><img loading=\"lazy\" decoding=\"async\" width=\"998\" height=\"1024\" src=\"https:\/\/www.arkaassociazione.it\/arkanisegnali\/wp-content\/uploads\/2019\/09\/delicatesse-998x1024.png\" alt=\"\" class=\"wp-image-770\" srcset=\"https:\/\/www.arkaassociazione.it\/arkanisegnali\/wp-content\/uploads\/2019\/09\/delicatesse-998x1024.png 998w, https:\/\/www.arkaassociazione.it\/arkanisegnali\/wp-content\/uploads\/2019\/09\/delicatesse-292x300.png 292w, https:\/\/www.arkaassociazione.it\/arkanisegnali\/wp-content\/uploads\/2019\/09\/delicatesse-768x788.png 768w, https:\/\/www.arkaassociazione.it\/arkanisegnali\/wp-content\/uploads\/2019\/09\/delicatesse-400x410.png 400w, https:\/\/www.arkaassociazione.it\/arkanisegnali\/wp-content\/uploads\/2019\/09\/delicatesse.png 1004w\" sizes=\"auto, (max-width: 998px) 100vw, 998px\" \/><\/figure>\n","protected":false},"excerpt":{"rendered":"<p>Come la spieghi la delicatezza?Che cos\u2019\u00e8? Un\u2019emozione? Un pensiero? Un gesto?E come nasce? Come la si pu\u00f2 coltivare? Tutte domande che sono emerse in me dopo la visione di questo film, una visione che mi ha sollevato dal suolo con la forza di un muletto da cantiere e fatto sentire leggera, rinvigorita e fresca come l\u2019acqua di un torrente di campagna. La trama \u00e8 semplice: una giovane e avvenente donna, molto innamorata di suo marito con il quale vive un\u2019esistenza stabile e armoniosa, piomba nel lutto dopo l\u2019improvvisa morte del consorte in un incidente stradale.L\u2019elaborazione del lutto \u00e8 un tema del film, non \u00e8 IL tema. Il lutto e la sua lunga quasi infinita elaborazione, ad un certo punto del film, viene attraversato, penetrato e messo in discussione proprio dalla delicatezza. In questo caso la delicatezza ha le fattezze di un uomo, si chiama Markus ed \u00e8 svedese. Markus \u00e8 apparentemente brutto, quasi scimmiesco, anonimo (sembra che, tra i suoi colleghi, nessuno lo conosca e lo frequenti) pare che capiti per caso nella vita e nell\u2019ufficio della protagonista. Lei si chiama Natalie. Un giorno, inspiegabilmente, senza neanche conoscerlo gli si avvicina e lo bacia. Lungamente. Per poi ritornare al suo&#8230;<\/p>\n","protected":false},"author":1,"featured_media":770,"comment_status":"open","ping_status":"open","sticky":false,"template":"","format":"standard","meta":{"footnotes":""},"categories":[5],"tags":[73,72,75],"class_list":["post-767","post","type-post","status-publish","format-standard","has-post-thumbnail","hentry","category-per-tutti","tag-amore","tag-delicatezza","tag-relazione"],"_links":{"self":[{"href":"https:\/\/www.arkaassociazione.it\/arkanisegnali\/wp-json\/wp\/v2\/posts\/767","targetHints":{"allow":["GET"]}}],"collection":[{"href":"https:\/\/www.arkaassociazione.it\/arkanisegnali\/wp-json\/wp\/v2\/posts"}],"about":[{"href":"https:\/\/www.arkaassociazione.it\/arkanisegnali\/wp-json\/wp\/v2\/types\/post"}],"author":[{"embeddable":true,"href":"https:\/\/www.arkaassociazione.it\/arkanisegnali\/wp-json\/wp\/v2\/users\/1"}],"replies":[{"embeddable":true,"href":"https:\/\/www.arkaassociazione.it\/arkanisegnali\/wp-json\/wp\/v2\/comments?post=767"}],"version-history":[{"count":5,"href":"https:\/\/www.arkaassociazione.it\/arkanisegnali\/wp-json\/wp\/v2\/posts\/767\/revisions"}],"predecessor-version":[{"id":774,"href":"https:\/\/www.arkaassociazione.it\/arkanisegnali\/wp-json\/wp\/v2\/posts\/767\/revisions\/774"}],"wp:featuredmedia":[{"embeddable":true,"href":"https:\/\/www.arkaassociazione.it\/arkanisegnali\/wp-json\/wp\/v2\/media\/770"}],"wp:attachment":[{"href":"https:\/\/www.arkaassociazione.it\/arkanisegnali\/wp-json\/wp\/v2\/media?parent=767"}],"wp:term":[{"taxonomy":"category","embeddable":true,"href":"https:\/\/www.arkaassociazione.it\/arkanisegnali\/wp-json\/wp\/v2\/categories?post=767"},{"taxonomy":"post_tag","embeddable":true,"href":"https:\/\/www.arkaassociazione.it\/arkanisegnali\/wp-json\/wp\/v2\/tags?post=767"}],"curies":[{"name":"wp","href":"https:\/\/api.w.org\/{rel}","templated":true}]}}